{"id":588,"__str__":"Mo\u00e7\u00e3o n\u00ba 61 de 2018","link_detail_backend":"/materia/588","metadata":{},"numero":61,"ano":2018,"numero_protocolo":null,"data_apresentacao":"2018-08-07","tipo_apresentacao":"","data_publicacao":null,"numero_origem_externa":"","ano_origem_externa":null,"data_origem_externa":null,"apelido":"","dias_prazo":null,"data_fim_prazo":null,"em_tramitacao":false,"polemica":null,"objeto":"","complementar":null,"ementa":"EMMANUEL GARCIA DE AMORIM, EVERALDO PEREIRA SALES, J\u00daLIO MARIA DE OLIVEIRA e ROG\u00c9RIO C\u00c9ZAR vereadores do munic\u00edpio de I\u00fana, no uso de suas atribui\u00e7\u00f5es legais e regimentais requerem a Vossa Excel\u00eancia, depois de ouvido o plen\u00e1rio, que seja registrado na ata desta sess\u00e3o Voto de Profundo Pesar pelo falecimento do Senhor JOS\u00c9 LOURA DE OLIVEIRA, ocorrido em I\u00fana no dia 01 de agosto de 2018. O falecido era morador do Bairro Nossa Senhora da Penha. Na sua \u00e1rea de trabalho prestou servi\u00e7os relevantes ao munic\u00edpio de I\u00fana,. Portanto faz merecer a homenagem p\u00f3stuma deste Poder Legislativo Municipal.","indexacao":"","observacao":"","resultado":"","texto_original":"http://sapl.iuna.es.leg.br/media/sapl/public/materialegislativa/2018/588/votopesarjoselouradeoliveira.pdf","data_ultima_atualizacao":"2019-01-09T15:28:24.187919-02:00","ip":"","ultima_edicao":null,"tipo":9,"regime_tramitacao":2,"tipo_origem_externa":null,"local_origem_externa":null,"user":null,"anexadas":[],"autores":[13]}