{"id":570,"__str__":"Mo\u00e7\u00e3o n\u00ba 48 de 2018","link_detail_backend":"/materia/570","metadata":{},"numero":48,"ano":2018,"numero_protocolo":null,"data_apresentacao":"2018-10-29","tipo_apresentacao":"","data_publicacao":null,"numero_origem_externa":"","ano_origem_externa":null,"data_origem_externa":null,"apelido":"","dias_prazo":null,"data_fim_prazo":null,"em_tramitacao":false,"polemica":null,"objeto":"","complementar":null,"ementa":"EMMANUEL GARCIA DE AMORIM, vereador do munic\u00edpio de I\u00fana, no uso de suas atribui\u00e7\u00f5es legais e regimentais requer a Vossa Excel\u00eancia, depois de ouvido o plen\u00e1rio, que seja registrado na ata desta sess\u00e3o Mo\u00e7\u00e3o de Aplausos ao Senhor Danilo Leite Justo, Agente Comunit\u00e1rio de Endemias, em comemora\u00e7\u00e3o ao Dia Nacional do Agente Comunit\u00e1rio de Endemias. Emitir Certificado.","indexacao":"","observacao":"","resultado":"","texto_original":null,"data_ultima_atualizacao":"2019-01-09T15:05:00.043126-02:00","ip":"","ultima_edicao":null,"tipo":9,"regime_tramitacao":2,"tipo_origem_externa":null,"local_origem_externa":null,"user":null,"anexadas":[],"autores":[13]}