{"id":539,"__str__":"Indica\u00e7\u00e3o n\u00ba 118 de 2018","link_detail_backend":"/materia/539","metadata":{},"numero":118,"ano":2018,"numero_protocolo":null,"data_apresentacao":"2018-05-18","tipo_apresentacao":"","data_publicacao":null,"numero_origem_externa":"","ano_origem_externa":null,"data_origem_externa":null,"apelido":"","dias_prazo":null,"data_fim_prazo":null,"em_tramitacao":false,"polemica":null,"objeto":"","complementar":null,"ementa":"DARLAN SILVA BARGLINI, vereador desta Casa de Leis, no uso de suas atribui\u00e7\u00f5es legais e regimentais, solicita a Vossa Excel\u00eancia ap\u00f3s consulta ao plen\u00e1rio, a possibilidade de antecipa\u00e7\u00e3o da sess\u00e3o ordin\u00e1ria do dia 08 de agosto de 2018 para o dia 07 de agosto de 2018, por motivo que o dia da sess\u00e3o ordin\u00e1ria ir\u00e1 acontecer justamente no dia de minha formatura (cola\u00e7\u00e3o de grau), onde o evento est\u00e1 marcado pela Universidade Federal do Esp\u00edrito Santo (UFES), n\u00e3o tendo como modificar a data da cola\u00e7\u00e3o de grau. Portanto, solicito a antecipa\u00e7\u00e3o da referida sess\u00e3o para n\u00e3o perder o acompanhamento dos trabalhos desta Casa de Leis.","indexacao":"","observacao":"","resultado":"","texto_original":"http://sapl.iuna.es.leg.br/media/sapl/public/materialegislativa/2018/539/requerimentoantecipacaosessaoordinaria.pdf","data_ultima_atualizacao":"2019-01-09T11:18:49.057803-02:00","ip":"","ultima_edicao":null,"tipo":7,"regime_tramitacao":2,"tipo_origem_externa":null,"local_origem_externa":null,"user":null,"anexadas":[],"autores":[5]}