{"id":419,"__str__":"Requerimento n\u00ba 27 de 2018","link_detail_backend":"/materia/419","metadata":{},"numero":27,"ano":2018,"numero_protocolo":null,"data_apresentacao":"2018-08-07","tipo_apresentacao":"","data_publicacao":null,"numero_origem_externa":"","ano_origem_externa":null,"data_origem_externa":null,"apelido":"","dias_prazo":null,"data_fim_prazo":null,"em_tramitacao":false,"polemica":null,"objeto":"","complementar":null,"ementa":"Requer a Prefeitura Municipal, para que determine ao Secret\u00e1rio Municipal de Interior e Transportes Senhor Cristiano Dias Bento, a informar ao Poder Legislativo do Munic\u00edpio de I\u00fana se os seguros dos ve\u00edculos ambul\u00e2ncias da Municipalidade est\u00e3o com o pagamento em dia.","indexacao":"","observacao":"","resultado":"","texto_original":"http://sapl.iuna.es.leg.br/media/sapl/public/materialegislativa/2018/419/segurodeambulancias.pdf","data_ultima_atualizacao":"2018-09-20T13:32:42.885296-03:00","ip":"","ultima_edicao":null,"tipo":8,"regime_tramitacao":2,"tipo_origem_externa":null,"local_origem_externa":null,"user":null,"anexadas":[],"autores":[9]}