{"id":370,"__str__":"Projeto de Lei Ordin\u00e1ria n\u00ba 69 de 2018","link_detail_backend":"/materia/370","metadata":{},"numero":69,"ano":2018,"numero_protocolo":81,"data_apresentacao":"2018-08-07","tipo_apresentacao":"E","data_publicacao":null,"numero_origem_externa":"69","ano_origem_externa":2018,"data_origem_externa":"2018-08-07","apelido":"Locais de descanso aos Profissionais de Enfermagem","dias_prazo":null,"data_fim_prazo":null,"em_tramitacao":false,"polemica":null,"objeto":"","complementar":null,"ementa":"DISP\u00d5E SOBRE A DISPONIBILIZA\u00c7\u00c3O DOS LOCAIS DE DESCANSO PARA OS PROFISSIONAIS DE ENFERMAGEM NOS EQUIPAMENTOS DE SA\u00daDE NO \u00c2MBITO DO MUNIC\u00cdPIO DE I\u00daNA/ES E D\u00c1 OUTRAS PROVID\u00caNCIAS).","indexacao":"","observacao":"","resultado":"","texto_original":"http://sapl.iuna.es.leg.br/media/sapl/public/materialegislativa/2018/370/projeto_lei_69_2018.pdf","data_ultima_atualizacao":"2018-08-21T14:04:31.483629-03:00","ip":"","ultima_edicao":null,"tipo":1,"regime_tramitacao":1,"tipo_origem_externa":1,"local_origem_externa":3,"user":null,"anexadas":[],"autores":[13]}