{"id":3186,"__str__":"Projeto de Lei Ordin\u00e1ria n\u00ba 16 de 2026","link_detail_backend":"/materia/3186","metadata":{},"numero":16,"ano":2026,"numero_protocolo":49,"data_apresentacao":"2026-03-26","tipo_apresentacao":"E","data_publicacao":null,"numero_origem_externa":"","ano_origem_externa":null,"data_origem_externa":null,"apelido":"","dias_prazo":null,"data_fim_prazo":null,"em_tramitacao":true,"polemica":false,"objeto":"","complementar":false,"ementa":"Institui o M\u00eas C\u00edvico-Tur\u00edstico, disp\u00f5e sobre o incentivo \u00e0 abordagem da hist\u00f3ria e da cultura local e regional no ensino municipal de I\u00fana, estimula a\r\nrealiza\u00e7\u00e3o anual do Desfile Escolar C\u00edvico-Cultural e define a Avenida Deputado Jo\u00e3o Rios como Eixo C\u00edvico-Tur\u00edstico do Munic\u00edpio, e d\u00e1 outras provid\u00eancias.","indexacao":"","observacao":"","resultado":"","texto_original":"http://sapl.iuna.es.leg.br/media/sapl/public/materialegislativa/2026/3186/proj_lei_ordinaria_16_2026.pdf","data_ultima_atualizacao":"2026-03-27T13:51:41.434304-03:00","ip":"189.89.27.178","ultima_edicao":"2026-03-27T13:42:03.508340-03:00","tipo":1,"regime_tramitacao":2,"tipo_origem_externa":null,"local_origem_externa":null,"user":25,"anexadas":[],"autores":[32]}