{"id":2975,"__str__":"Requerimento n\u00ba 31 de 2025","link_detail_backend":"/materia/2975","metadata":{},"numero":31,"ano":2025,"numero_protocolo":null,"data_apresentacao":"2025-05-19","tipo_apresentacao":"E","data_publicacao":null,"numero_origem_externa":"","ano_origem_externa":null,"data_origem_externa":null,"apelido":"","dias_prazo":null,"data_fim_prazo":null,"em_tramitacao":true,"polemica":false,"objeto":"","complementar":false,"ementa":"Mo\u00e7\u00e3o de Aplausos \u00e0 exma. sra. prefeita MARIA IMACULADA DUTRA DORNELAS, pela excel\u00eancia do trabalho que vem realizando \u00e0 frente da administra\u00e7\u00e3o municipal de Manhua\u00e7u, Minas Gerais, na qualidade de Chefe do Poder Executivo, conduzindo a gest\u00e3o com lisura, compet\u00eancia e transpar\u00eancia. Que a decis\u00e3o deste Plen\u00e1rio seja comunicada ao seu gabinete.","indexacao":"","observacao":"","resultado":"","texto_original":"http://sapl.iuna.es.leg.br/media/sapl/public/materialegislativa/2025/2975/mossao_exma._sra._prefeita_maria_imaculada_dutra_dornelas.docx","data_ultima_atualizacao":"2025-07-10T13:38:55.243406-03:00","ip":"179.107.113.135","ultima_edicao":"2025-07-10T13:38:55.095792-03:00","tipo":8,"regime_tramitacao":2,"tipo_origem_externa":null,"local_origem_externa":null,"user":1,"anexadas":[],"autores":[31,13,28]}