{"id":2579,"__str__":"Indica\u00e7\u00e3o n\u00ba 157 de 2023","link_detail_backend":"/materia/2579","metadata":{},"numero":157,"ano":2023,"numero_protocolo":null,"data_apresentacao":"2023-10-26","tipo_apresentacao":"E","data_publicacao":null,"numero_origem_externa":"","ano_origem_externa":null,"data_origem_externa":null,"apelido":"","dias_prazo":null,"data_fim_prazo":null,"em_tramitacao":true,"polemica":false,"objeto":"","complementar":false,"ementa":"Adimilson de Sousa, vereador do munic\u00edpio de I\u00fana, no uso de suas atribui\u00e7\u00f5es legais e regimentais, solicita a Vossa Excel\u00eancia, para que determine ao Secret\u00e1rio de Infraestrutura e Servi\u00e7os Urbanos, Senhor Leandro Lino de Silva, juntamente com sua equipe de trabalho que possa realizar a manuten\u00e7\u00e3o e reforma da Pra\u00e7a Nerci Ces\u00e1r, no Bairro Ferreira Vale.","indexacao":"","observacao":"","resultado":"","texto_original":"http://sapl.iuna.es.leg.br/media/sapl/public/materialegislativa/2023/2579/indicacaoreformadapracanercicesar.docx","data_ultima_atualizacao":"2023-11-13T13:16:54.871779-03:00","ip":"191.37.26.222","ultima_edicao":"2023-11-13T13:16:08.105038-03:00","tipo":7,"regime_tramitacao":2,"tipo_origem_externa":null,"local_origem_externa":null,"user":1,"anexadas":[],"autores":[31]}