{"id":2578,"__str__":"Mo\u00e7\u00e3o n\u00ba 65 de 2023","link_detail_backend":"/materia/2578","metadata":{},"numero":65,"ano":2023,"numero_protocolo":null,"data_apresentacao":"2023-11-05","tipo_apresentacao":"E","data_publicacao":null,"numero_origem_externa":"","ano_origem_externa":null,"data_origem_externa":null,"apelido":"","dias_prazo":null,"data_fim_prazo":null,"em_tramitacao":true,"polemica":false,"objeto":"","complementar":false,"ementa":"Adimilson de Sousa, Jonathan Bonfante Moreira e Emmanuel Garcia de Amorim, no uso de suas atribui\u00e7\u00f5es legais e regimentais, requer a Vossa Excel\u00eancia depois de ouvido o plen\u00e1rio, que seja registrado nos anais deste Poder Legislativo Municipal, voto de profundo pesar pelo falecimento da senhora DALVA ALVES CARDOSO, ocorrido no dia 05 de novembro do ano corrente.","indexacao":"","observacao":"","resultado":"","texto_original":"http://sapl.iuna.es.leg.br/media/sapl/public/materialegislativa/2023/2578/14mocaopesardalvaalvescardoso.docx","data_ultima_atualizacao":"2023-11-13T13:12:49.607881-03:00","ip":"191.37.26.222","ultima_edicao":"2023-11-13T13:12:09.894827-03:00","tipo":9,"regime_tramitacao":2,"tipo_origem_externa":null,"local_origem_externa":null,"user":1,"anexadas":[],"autores":[31,13,28]}