{"id":23,"__str__":"Indica\u00e7\u00e3o n\u00ba 10 de 2017","link_detail_backend":"/materia/23","metadata":{},"numero":10,"ano":2017,"numero_protocolo":null,"data_apresentacao":"2017-01-27","tipo_apresentacao":"E","data_publicacao":"2017-01-27","numero_origem_externa":"10","ano_origem_externa":2017,"data_origem_externa":"2017-01-27","apelido":"","dias_prazo":null,"data_fim_prazo":null,"em_tramitacao":false,"polemica":null,"objeto":"","complementar":null,"ementa":"Que seja determinado ao Secret\u00e1rio de Obras, Infraestrutura e Servi\u00e7os Urbanos da Municipalidade, Senhor Denis Antonio de Oliveira, a tomar as provid\u00eancias que se fizerem necess\u00e1rias, com sua equipe de trabalho, no sentido de que seja reparada a passarela na Pra\u00e7a Coronel Jo\u00e3o Os\u00f3rio, visando evitar que a \u00e1gua proveniente de chuva invade as depend\u00eancias da casa de minha m\u00e3e, pois com a reforma da Pra\u00e7a o meio fio ficou baixo, fato que facilita a \u00e1gua invadir a resid\u00eancia, causando transtornos e preju\u00edzos. O fato foi levado ao conhecimento da Administra\u00e7\u00e3o passada e provid\u00eancias n\u00e3o foram tomadas. Espero que a atual, assim que poss\u00edvel, estude uma solu\u00e7\u00e3o para o problema.","indexacao":"","observacao":"","resultado":"","texto_original":"http://sapl.iuna.es.leg.br/media/sapl/public/materialegislativa/2017/23/003reparopassarelapra-acoroneljoaoosorio.pdf","data_ultima_atualizacao":"2018-02-01T16:31:25.192604-02:00","ip":"","ultima_edicao":null,"tipo":7,"regime_tramitacao":1,"tipo_origem_externa":7,"local_origem_externa":3,"user":null,"anexadas":[],"autores":[10]}