{"id":2191,"__str__":"Requerimento n\u00ba 60 de 2022","link_detail_backend":"/materia/2191","metadata":{},"numero":60,"ano":2022,"numero_protocolo":null,"data_apresentacao":"2022-10-18","tipo_apresentacao":"E","data_publicacao":null,"numero_origem_externa":"","ano_origem_externa":null,"data_origem_externa":null,"apelido":"","dias_prazo":null,"data_fim_prazo":null,"em_tramitacao":false,"polemica":false,"objeto":"","complementar":false,"ementa":"EDSON M\u00c1RCIO DE ALMEIDA vereador do munic\u00edpio de I\u00fana, no uso de suas atribui\u00e7\u00f5es legais e regimentais requer a Vossa Excel\u00eancia ap\u00f3s ouvido o plen\u00e1rio, que seja registrado nos anais deste Poder Legislativo do Munic\u00edpio de I\u00fana, que seja concedido Voto de Congratula\u00e7\u00f5es em Comemora\u00e7\u00e3o ao Anivers\u00e1rio de 23 anos da R\u00e1dio Mania FM, pelos relevantes servi\u00e7os prestados ao Munic\u00edpio de I\u00fana e Regi\u00e3o.","indexacao":"","observacao":"","resultado":"","texto_original":"http://sapl.iuna.es.leg.br/media/sapl/public/materialegislativa/2022/2191/12mocaocongratulacoesaradiomaniafm.doc","data_ultima_atualizacao":"2023-01-08T17:18:56.987124-03:00","ip":"187.63.13.12","ultima_edicao":"2023-01-08T17:18:03.030737-03:00","tipo":8,"regime_tramitacao":2,"tipo_origem_externa":null,"local_origem_externa":null,"user":1,"anexadas":[],"autores":[25]}