{"id":2190,"__str__":"Requerimento n\u00ba 59 de 2022","link_detail_backend":"/materia/2190","metadata":{},"numero":59,"ano":2022,"numero_protocolo":null,"data_apresentacao":"2022-08-29","tipo_apresentacao":"E","data_publicacao":null,"numero_origem_externa":"","ano_origem_externa":null,"data_origem_externa":null,"apelido":"","dias_prazo":null,"data_fim_prazo":null,"em_tramitacao":false,"polemica":false,"objeto":"","complementar":false,"ementa":"EDSON M\u00c1RCIO DE ALMEIDA, vereador do munic\u00edpio de I\u00fana, no uso de suas atribui\u00e7\u00f5es legais e regimentais requer a Vossa Excel\u00eancia, depois de ouvido o plen\u00e1rio, que registre nos anais deste Poder Legislativo, Mo\u00e7\u00e3o de Aplausos a Exata Contabilidade pelos 13 anos de atua\u00e7\u00e3o no segmento cont\u00e1bil no munic\u00edpio.","indexacao":"","observacao":"","resultado":"","texto_original":"http://sapl.iuna.es.leg.br/media/sapl/public/materialegislativa/2022/2190/11_mocaodeaplausosaexatacontabilidae.doc","data_ultima_atualizacao":"2023-01-08T17:17:59.311442-03:00","ip":"187.63.13.12","ultima_edicao":"2023-01-08T17:16:52.349017-03:00","tipo":8,"regime_tramitacao":2,"tipo_origem_externa":null,"local_origem_externa":null,"user":1,"anexadas":[],"autores":[25]}