{"id":2174,"__str__":"Indica\u00e7\u00e3o n\u00ba 278 de 2022","link_detail_backend":"/materia/2174","metadata":{},"numero":278,"ano":2022,"numero_protocolo":null,"data_apresentacao":"2022-07-28","tipo_apresentacao":"E","data_publicacao":null,"numero_origem_externa":"","ano_origem_externa":null,"data_origem_externa":null,"apelido":"","dias_prazo":null,"data_fim_prazo":null,"em_tramitacao":false,"polemica":false,"objeto":"","complementar":false,"ementa":"Valci de Paula Montoni e Jonathan Bonfante Moreira, vereadores do munic\u00edpio de I\u00fana, no uso de suas atribui\u00e7\u00f5es legais e regimentais solicitam a Vossa Excel\u00eancia, que determine ao Secret\u00e1rio de Obras e Servi\u00e7os Urbanos da Municipalidade, Senhor Leandro Lino da Silva a tomar as provid\u00eancias que se fizerem necess\u00e1rias, com sua equipe de trabalho, no sentido de trocar as l\u00e2mpadas queimadas da Rua Pastor Tancredo Ferreira da Silva n\u00ba 62 Bairro Pito, pr\u00f3ximo a casa do Policial Vagner Amaral.","indexacao":"","observacao":"","resultado":"","texto_original":"http://sapl.iuna.es.leg.br/media/sapl/public/materialegislativa/2022/2174/indicacao08reparosnailuminacaodaruapastortancredoferreiradasilva.docx","data_ultima_atualizacao":"2023-01-07T19:28:27.264732-03:00","ip":"187.63.13.12","ultima_edicao":"2023-01-07T19:24:18.236772-03:00","tipo":7,"regime_tramitacao":2,"tipo_origem_externa":null,"local_origem_externa":null,"user":1,"anexadas":[],"autores":[29]}