{"id":2147,"__str__":"Indica\u00e7\u00e3o n\u00ba 251 de 2022","link_detail_backend":"/materia/2147","metadata":{},"numero":251,"ano":2022,"numero_protocolo":null,"data_apresentacao":"2022-07-08","tipo_apresentacao":"E","data_publicacao":null,"numero_origem_externa":"","ano_origem_externa":null,"data_origem_externa":null,"apelido":"","dias_prazo":null,"data_fim_prazo":null,"em_tramitacao":false,"polemica":false,"objeto":"","complementar":false,"ementa":"Jonathan Bonfante Moreira, vereador do munic\u00edpio de I\u00fana, no uso de suas atribui\u00e7\u00f5es legais e regimentais solicita a Vossa Excel\u00eancia, que determine a Secret\u00e1ria de Educa\u00e7\u00e3o, Cultura e Esporte da  Municipalidade, Senhora Edna Viana da Fonseca a tomar as provid\u00eancias que se fizerem necess\u00e1rias, com sua equipe de trabalho, no sentido de fazer tratamento na \u00e1gua da EMEF Urbano Rodrigues da Fonseca, na Comunidade Boa Sorte, similar ao que foi realizado na Escola de Santa Clara.","indexacao":"","observacao":"","resultado":"","texto_original":"http://sapl.iuna.es.leg.br/media/sapl/public/materialegislativa/2022/2147/indicacao06tratamento_de_agua_na_escola_urbano_rodrigues_da_fonseca.docx","data_ultima_atualizacao":"2023-01-07T12:19:28.780378-03:00","ip":"187.63.13.12","ultima_edicao":"2023-01-07T12:18:33.804177-03:00","tipo":7,"regime_tramitacao":2,"tipo_origem_externa":null,"local_origem_externa":null,"user":1,"anexadas":[],"autores":[28]}