{"id":2014,"__str__":"Projeto de Lei Ordin\u00e1ria n\u00ba 31 de 2022","link_detail_backend":"/materia/2014","metadata":{},"numero":31,"ano":2022,"numero_protocolo":48,"data_apresentacao":"2022-07-08","tipo_apresentacao":"E","data_publicacao":null,"numero_origem_externa":"","ano_origem_externa":null,"data_origem_externa":null,"apelido":"","dias_prazo":null,"data_fim_prazo":null,"em_tramitacao":false,"polemica":false,"objeto":"","complementar":false,"ementa":"TORNA OBRIGAT\u00d3RIA A CAPACITA\u00c7\u00c3O EM NO\u00c7\u00d5ES B\u00c1SICAS DE PRIMEIROS SOCORROS DE PROFESSORES E FUNCION\u00c1RIOS DE ESTABELECIMENTOS DE ENSINO P\u00daBLICOS E PRIVADOS DE EDUCA\u00c7\u00c3O B\u00c1SICA E DE ESTABELECIMENTOS DE RECREA\u00c7\u00c3O INFANTIL NO MUNIC\u00cdPIO DE I\u00daNA/ES E DA OUTRAS PROVID\u00caNCIAS.","indexacao":"","observacao":"","resultado":"","texto_original":"http://sapl.iuna.es.leg.br/media/sapl/public/materialegislativa/2022/2014/projleiord_31_2022.pdf","data_ultima_atualizacao":"2022-10-20T12:39:42.244071-03:00","ip":"189.89.27.178","ultima_edicao":"2022-07-11T15:03:19.919200-03:00","tipo":1,"regime_tramitacao":1,"tipo_origem_externa":null,"local_origem_externa":null,"user":25,"anexadas":[],"autores":[13]}