{"id":1943,"__str__":"Indica\u00e7\u00e3o n\u00ba 115 de 2022","link_detail_backend":"/materia/1943","metadata":{},"numero":115,"ano":2022,"numero_protocolo":null,"data_apresentacao":"2022-04-20","tipo_apresentacao":"E","data_publicacao":null,"numero_origem_externa":"","ano_origem_externa":null,"data_origem_externa":null,"apelido":"","dias_prazo":null,"data_fim_prazo":null,"em_tramitacao":true,"polemica":false,"objeto":"","complementar":false,"ementa":"Adimilson de Souza, vereador do munic\u00edpio de I\u00fana, no uso de suas atribui\u00e7\u00f5es legais e regimentais indica a Vossa Excel\u00eancia, para que determine ao Secret\u00e1rio de Infraestrutura e Servi\u00e7os Urbanos, Senhor Leandro Lino da Silva, a providenciar juntamente com a EDP a solicita\u00e7\u00e3o de extens\u00e3o de rede e instala\u00e7\u00e3o de postes no Loteamento dos Alves na Comunidade Nossa Senhora das Gra\u00e7as.","indexacao":"","observacao":"","resultado":"","texto_original":"http://sapl.iuna.es.leg.br/media/sapl/public/materialegislativa/2022/1943/indicacao16instalacaodepostes.pdf","data_ultima_atualizacao":"2022-05-27T17:29:00.492294-03:00","ip":"167.250.148.68","ultima_edicao":"2022-05-27T17:27:52.767724-03:00","tipo":7,"regime_tramitacao":2,"tipo_origem_externa":null,"local_origem_externa":null,"user":1,"anexadas":[],"autores":[31]}