{"id":1727,"__str__":"Requerimento n\u00ba 96 de 2021","link_detail_backend":"/materia/1727","metadata":{},"numero":96,"ano":2021,"numero_protocolo":null,"data_apresentacao":"2021-11-18","tipo_apresentacao":"E","data_publicacao":null,"numero_origem_externa":"","ano_origem_externa":null,"data_origem_externa":null,"apelido":"","dias_prazo":null,"data_fim_prazo":null,"em_tramitacao":true,"polemica":false,"objeto":"","complementar":false,"ementa":"MATHEUS FONSECA DE SOUZA, vereador do munic\u00edpio de I\u00fana, no uso de suas atribui\u00e7\u00f5es legais e regimentais requer a Vossa Excel\u00eancia, depois de ouvido o plen\u00e1rio, que seja registrado nos anais deste Poder Legislativo do Munic\u00edpio de I\u00fana, Mo\u00e7\u00e3o de Aplausos ao Cafeicultor Deneval Miranda Vieira-Sitio Cordilheiras do Capara\u00f3, I\u00fana-ES, pelo 13\u00ba lugar na classifica\u00e7\u00e3o final na Categoria Ar\u00e1bica-Natural ,no COFFEE OF THE YEAR 2021,no dia 12/11/2021 na Semana Internacional do Caf\u00e9, realizado em Belo Horizonte-MG.","indexacao":"","observacao":"","resultado":"","texto_original":"http://sapl.iuna.es.leg.br/media/sapl/public/materialegislativa/2021/1727/requerimento23mocaodeaplausosdenevalmirandavieira.pdf","data_ultima_atualizacao":"2021-11-24T08:54:16.720346-03:00","ip":"189.89.19.27","ultima_edicao":"2021-11-24T08:53:46.601222-03:00","tipo":8,"regime_tramitacao":2,"tipo_origem_externa":null,"local_origem_externa":null,"user":1,"anexadas":[],"autores":[27]}