{"id":1696,"__str__":"Requerimento n\u00ba 93 de 2021","link_detail_backend":"/materia/1696","metadata":{},"numero":93,"ano":2021,"numero_protocolo":null,"data_apresentacao":"2021-11-08","tipo_apresentacao":"E","data_publicacao":null,"numero_origem_externa":"","ano_origem_externa":null,"data_origem_externa":null,"apelido":"","dias_prazo":null,"data_fim_prazo":null,"em_tramitacao":true,"polemica":false,"objeto":"","complementar":false,"ementa":"ADIMILSON DE SOUZA, vereador do munic\u00edpio de I\u00fana, no uso de suas atribui\u00e7\u00f5es legais e regimentais requer a Vossa Excel\u00eancia, depois de ouvido o plen\u00e1rio, que seja registrado na ata desta sess\u00e3o Mo\u00e7\u00e3o de Louvor \u00e0 Iunense Girlane Maria Ferreira Florindo, pela conclus\u00e3o do dourado em lingu\u00edstica. \r\n\r\nQue a decis\u00e3o do plen\u00e1rio seja comunicada a mesma em sua resid\u00eancia.","indexacao":"","observacao":"","resultado":"","texto_original":"http://sapl.iuna.es.leg.br/media/sapl/public/materialegislativa/2021/1696/12mocaodelouvorgirlanemariaferreiraflorindo.pdf","data_ultima_atualizacao":"2021-11-15T21:36:23.438786-03:00","ip":"189.89.19.27","ultima_edicao":"2021-11-15T21:35:30.501230-03:00","tipo":8,"regime_tramitacao":2,"tipo_origem_externa":null,"local_origem_externa":null,"user":1,"anexadas":[],"autores":[31]}