{"id":1121,"__str__":"Indica\u00e7\u00e3o n\u00ba 84 de 2020","link_detail_backend":"/materia/1121","metadata":{},"numero":84,"ano":2020,"numero_protocolo":null,"data_apresentacao":"2020-11-19","tipo_apresentacao":"E","data_publicacao":null,"numero_origem_externa":"","ano_origem_externa":null,"data_origem_externa":null,"apelido":"","dias_prazo":null,"data_fim_prazo":null,"em_tramitacao":false,"polemica":false,"objeto":"","complementar":false,"ementa":"EMMANUEL GARCIA DE AMORIM, vereador do munic\u00edpio de I\u00fana, no uso de suas atribui\u00e7\u00f5es legais e regimentais solicita a Vossa Excel\u00eancia que remeta ao Excelent\u00edssimo Senhor Welinton Virg\u00edlio Pereira, Prefeito Municipal, a seguinte indica\u00e7\u00e3o:\r\n\r\nQue seja determinado ao Secret\u00e1rio de Agricultura e Agroneg\u00f3cio da Municipalidade, Senhor Robson Fardim Trist\u00e3o, para que seja realizada manuten\u00e7\u00e3o na Estrada que liga BR 262 no Distrito de S\u00e3o Jo\u00e3o do Pr\u00edncipe e Rio Claro, que devido \u00e0 chuva ocasionou danos pela via, bem como a retirada de algumas \u00e1rvores que est\u00e3o caindo, ocasionando risco as pessoas que passam pela via.","indexacao":"","observacao":"","resultado":"","texto_original":"http://sapl.iuna.es.leg.br/media/sapl/public/materialegislativa/2020/1121/indicacao51limpezaestradasaojoaodoprincipe.doc","data_ultima_atualizacao":"2020-12-02T10:33:56.822465-03:00","ip":"167.250.148.53","ultima_edicao":"2020-12-02T10:33:17.227304-03:00","tipo":7,"regime_tramitacao":2,"tipo_origem_externa":null,"local_origem_externa":null,"user":1,"anexadas":[],"autores":[13]}